{"id":40634,"date":"2026-08-25T19:05:04","date_gmt":"2026-08-25T22:05:04","guid":{"rendered":"https:\/\/redebeneditina.org.br\/pioxi\/?p=40634"},"modified":"2026-09-01T19:45:44","modified_gmt":"2026-09-01T22:45:44","slug":"matriculas-abertas-instituto-pio-xi","status":"publish","type":"post","link":"https:\/\/redebeneditina.org.br\/pioxi\/matriculas-abertas-instituto-pio-xi\/","title":{"rendered":"Matr\u00edculas Abertas | Instituto Pio XI"},"content":{"rendered":"<div dir=\"auto\">\n<p class=\"isSelectedEnd\">H\u00e1 89 anos, o Instituto Pio XI forma alunos preparados para a vida, unindo educa\u00e7\u00e3o humanista e crist\u00e3, acolhimento e excel\u00eancia acad\u00eamica, da Educa\u00e7\u00e3o Infantil ao Ensino M\u00e9dio.<\/p>\n<p class=\"isSelectedEnd\">Aqui, cada aluno \u00e9 protagonista da pr\u00f3pria jornada, desenvolvendo conhecimentos, criatividade, valores humanos e compromisso com o bem comum.<\/p>\n<p class=\"isSelectedEnd\">Venha conhecer nossos diferenciais e descobrir o nosso jeito de acolher, assistir e educar. \ud83d\udc99\u2764\ufe0f<\/p>\n<p><strong>Agende uma visita!<\/strong><\/p>\n<p><img decoding=\"async\" class=\"emoji\" role=\"img\" draggable=\"false\" src=\"https:\/\/s.w.org\/images\/core\/emoji\/17.0.2\/svg\/1f4cd.svg\" alt=\"\ud83d\udccd\"> Rua Roberto Silva, 71 &#8211; Ramos &#8211; Rio de Janeiro &#8211; RJ<\/p>\n<p><img decoding=\"async\" class=\"emoji\" role=\"img\" draggable=\"false\" src=\"https:\/\/s.w.org\/images\/core\/emoji\/17.0.2\/svg\/1f4de.svg\" alt=\"\ud83d\udcde\"> (21) 3194-1400<\/p>\n<p><img decoding=\"async\" class=\"emoji\" role=\"img\" draggable=\"false\" src=\"https:\/\/s.w.org\/images\/core\/emoji\/17.0.2\/svg\/1f4f2.svg\" alt=\"\ud83d\udcf2\">&nbsp;WhatsApp:&nbsp;<a href=\"https:\/\/wa.me\/5521996833909\">(21) 99683-3909<\/a><\/p>\n<p><img decoding=\"async\" class=\"emoji\" role=\"img\" draggable=\"false\" src=\"https:\/\/s.w.org\/images\/core\/emoji\/17.0.2\/svg\/1f4e7.svg\" alt=\"\ud83d\udce7\"> secretaria.pioxi@redebeneditina.com.br<\/p>\n<p>Clique e confira nosso carrossel!<\/p>\n<\/div>\n<div dir=\"auto\">ngg_shortcode_0_placeholder<\/div>\n","protected":false},"excerpt":{"rendered":"<p>H\u00e1 89 anos, o Instituto Pio XI forma alunos preparados para a vida, unindo educa\u00e7\u00e3o humanista e crist\u00e3, acolhimento e excel\u00eancia acad\u00eamica, da Educa\u00e7\u00e3o Infantil ao Ensino M\u00e9dio. Aqui, cada aluno \u00e9 protagonista da pr\u00f3pria jornada, desenvolvendo conhecimentos, criatividade, valores humanos e compromisso com o bem comum. Venha conhecer nossos diferenciais e descobrir o nosso&#8230;<\/p>\n","protected":false},"author":4,"featured_media":40635,"comment_status":"closed","ping_status":"closed","sticky":false,"template":"","format":"standard","meta":{"_monsterinsights_skip_tracking":false,"ngg_post_thumbnail":0,"footnotes":""},"categories":[110,88,89,90,91,82],"tags":[],"class_list":["post-40634","post","type-post","status-publish","format-standard","has-post-thumbnail","hentry","category-noticias-ano2026","category-ed-infantil","category-ens-fund_i","category-ens-fund_ii","category-ens-medio","category-noticias"],"_links":{"self":[{"href":"https:\/\/redebeneditina.org.br\/pioxi\/wp-json\/wp\/v2\/posts\/40634","targetHints":{"allow":["GET"]}}],"collection":[{"href":"https:\/\/redebeneditina.org.br\/pioxi\/wp-json\/wp\/v2\/posts"}],"about":[{"href":"https:\/\/redebeneditina.org.br\/pioxi\/wp-json\/wp\/v2\/types\/post"}],"author":[{"embeddable":true,"href":"https:\/\/redebeneditina.org.br\/pioxi\/wp-json\/wp\/v2\/users\/4"}],"replies":[{"embeddable":true,"href":"https:\/\/redebeneditina.org.br\/pioxi\/wp-json\/wp\/v2\/comments?post=40634"}],"version-history":[{"count":6,"href":"https:\/\/redebeneditina.org.br\/pioxi\/wp-json\/wp\/v2\/posts\/40634\/revisions"}],"predecessor-version":[{"id":40662,"href":"https:\/\/redebeneditina.org.br\/pioxi\/wp-json\/wp\/v2\/posts\/40634\/revisions\/40662"}],"wp:featuredmedia":[{"embeddable":true,"href":"https:\/\/redebeneditina.org.br\/pioxi\/wp-json\/wp\/v2\/media\/40635"}],"wp:attachment":[{"href":"https:\/\/redebeneditina.org.br\/pioxi\/wp-json\/wp\/v2\/media?parent=40634"}],"wp:term":[{"taxonomy":"category","embeddable":true,"href":"https:\/\/redebeneditina.org.br\/pioxi\/wp-json\/wp\/v2\/categories?post=40634"},{"taxonomy":"post_tag","embeddable":true,"href":"https:\/\/redebeneditina.org.br\/pioxi\/wp-json\/wp\/v2\/tags?post=40634"}],"curies":[{"name":"wp","href":"https:\/\/api.w.org\/{rel}","templated":true}]}}