{"id":40666,"date":"2026-08-31T19:56:45","date_gmt":"2026-08-31T22:56:45","guid":{"rendered":"https:\/\/redebeneditina.org.br\/pioxi\/?p=40666"},"modified":"2026-09-01T19:57:01","modified_gmt":"2026-09-01T22:57:01","slug":"nossos-alunos-na-segunda-fase-da-olimpiada-de-portugues-2026","status":"publish","type":"post","link":"https:\/\/redebeneditina.org.br\/pioxi\/nossos-alunos-na-segunda-fase-da-olimpiada-de-portugues-2026\/","title":{"rendered":"Nossos alunos na segunda fase da Olimp\u00edada de Portugu\u00eas 2026"},"content":{"rendered":"<div dir=\"ltr\">\n<div class=\"gmail_quote\">\n<div dir=\"ltr\">\n<p>No dia&nbsp;<strong>27 de agosto<\/strong>, nossos alunos, classificados para a segunda fase,&nbsp;realizaram a t\u00e3o aguardada prova&nbsp;da&nbsp;<strong>Olimp\u00edada de Portugu\u00eas (OP) 2026.<\/strong><\/p>\n<p>Foi um momento de dedica\u00e7\u00e3o, concentra\u00e7\u00e3o e muito empenho. Ficamos muito felizes em acompanhar nossos estudantes em mais uma etapa dessa importante experi\u00eancia, que valoriza o conhecimento, a leitura e o dom\u00ednio da L\u00edngua Portuguesa.<\/p>\n<p>Agora, seguimos na torcida e&nbsp;<strong>ansiosos pelo resultado!<\/strong><\/p>\n<p>Parabenizamos todos os nossos alunos que participaram da OP 2026 e, em especial, aqueles que chegaram \u00e0 segunda fase.&nbsp;<strong>Voc\u00eas j\u00e1 s\u00e3o motivo de muito orgulho para a nossa escola.&nbsp;<br \/>\n<\/strong><\/p>\n<p>ngg_shortcode_0_placeholderngg_shortcode_1_placeholder<\/p><\/div>\n<\/div>\n<\/div>\n","protected":false},"excerpt":{"rendered":"<p>No dia&nbsp;27 de agosto, nossos alunos, classificados para a segunda fase,&nbsp;realizaram a t\u00e3o aguardada prova&nbsp;da&nbsp;Olimp\u00edada de Portugu\u00eas (OP) 2026. Foi um momento de dedica\u00e7\u00e3o, concentra\u00e7\u00e3o e muito empenho. Ficamos muito felizes em acompanhar nossos estudantes em mais uma etapa dessa importante experi\u00eancia, que valoriza o conhecimento, a leitura e o dom\u00ednio da L\u00edngua Portuguesa. Agora,&#8230;<\/p>\n","protected":false},"author":4,"featured_media":40667,"comment_status":"closed","ping_status":"closed","sticky":false,"template":"","format":"standard","meta":{"_monsterinsights_skip_tracking":false,"ngg_post_thumbnail":0,"footnotes":""},"categories":[110,90,91,82],"tags":[],"class_list":["post-40666","post","type-post","status-publish","format-standard","has-post-thumbnail","hentry","category-noticias-ano2026","category-ens-fund_ii","category-ens-medio","category-noticias"],"_links":{"self":[{"href":"https:\/\/redebeneditina.org.br\/pioxi\/wp-json\/wp\/v2\/posts\/40666","targetHints":{"allow":["GET"]}}],"collection":[{"href":"https:\/\/redebeneditina.org.br\/pioxi\/wp-json\/wp\/v2\/posts"}],"about":[{"href":"https:\/\/redebeneditina.org.br\/pioxi\/wp-json\/wp\/v2\/types\/post"}],"author":[{"embeddable":true,"href":"https:\/\/redebeneditina.org.br\/pioxi\/wp-json\/wp\/v2\/users\/4"}],"replies":[{"embeddable":true,"href":"https:\/\/redebeneditina.org.br\/pioxi\/wp-json\/wp\/v2\/comments?post=40666"}],"version-history":[{"count":1,"href":"https:\/\/redebeneditina.org.br\/pioxi\/wp-json\/wp\/v2\/posts\/40666\/revisions"}],"predecessor-version":[{"id":40674,"href":"https:\/\/redebeneditina.org.br\/pioxi\/wp-json\/wp\/v2\/posts\/40666\/revisions\/40674"}],"wp:featuredmedia":[{"embeddable":true,"href":"https:\/\/redebeneditina.org.br\/pioxi\/wp-json\/wp\/v2\/media\/40667"}],"wp:attachment":[{"href":"https:\/\/redebeneditina.org.br\/pioxi\/wp-json\/wp\/v2\/media?parent=40666"}],"wp:term":[{"taxonomy":"category","embeddable":true,"href":"https:\/\/redebeneditina.org.br\/pioxi\/wp-json\/wp\/v2\/categories?post=40666"},{"taxonomy":"post_tag","embeddable":true,"href":"https:\/\/redebeneditina.org.br\/pioxi\/wp-json\/wp\/v2\/tags?post=40666"}],"curies":[{"name":"wp","href":"https:\/\/api.w.org\/{rel}","templated":true}]}}