{"id":40675,"date":"2026-08-31T20:01:13","date_gmt":"2026-08-31T23:01:13","guid":{"rendered":"https:\/\/redebeneditina.org.br\/pioxi\/?p=40675"},"modified":"2026-09-01T20:01:30","modified_gmt":"2026-09-01T23:01:30","slug":"pre-1-pequenos-exploradores-em-uma-aventura-digital","status":"publish","type":"post","link":"https:\/\/redebeneditina.org.br\/pioxi\/pre-1-pequenos-exploradores-em-uma-aventura-digital\/","title":{"rendered":"Pr\u00e9 1 &#8211; Pequenos exploradores em uma aventura digital!"},"content":{"rendered":"<p>Durante a aula de Educa\u00e7\u00e3o Digital, as crian\u00e7as do Pr\u00e9 1 ajudaram filhotes de animais que estavam perdidos na selva a encontrarem seus pais.&nbsp;<\/p>\n<p>Por meio das setas, indicaram as dire\u00e7\u00f5es e descobriram o melhor caminho para cada filhote chegar at\u00e9 sua fam\u00edlia.<\/p>\n<p>Uma atividade divertida que estimulou o racioc\u00ednio, a aten\u00e7\u00e3o e a percep\u00e7\u00e3o de dire\u00e7\u00e3o!<\/p>\nngg_shortcode_0_placeholder\n","protected":false},"excerpt":{"rendered":"<p>Durante a aula de Educa\u00e7\u00e3o Digital, as crian\u00e7as do Pr\u00e9 1 ajudaram filhotes de animais que estavam perdidos na selva a encontrarem seus pais.&nbsp; Por meio das setas, indicaram as dire\u00e7\u00f5es e descobriram o melhor caminho para cada filhote chegar at\u00e9 sua fam\u00edlia. Uma atividade divertida que estimulou o racioc\u00ednio, a aten\u00e7\u00e3o e a percep\u00e7\u00e3o&#8230;<\/p>\n","protected":false},"author":4,"featured_media":40680,"comment_status":"closed","ping_status":"closed","sticky":false,"template":"","format":"standard","meta":{"_monsterinsights_skip_tracking":false,"ngg_post_thumbnail":0,"footnotes":""},"categories":[110,88,82],"tags":[],"class_list":["post-40675","post","type-post","status-publish","format-standard","has-post-thumbnail","hentry","category-noticias-ano2026","category-ed-infantil","category-noticias"],"_links":{"self":[{"href":"https:\/\/redebeneditina.org.br\/pioxi\/wp-json\/wp\/v2\/posts\/40675","targetHints":{"allow":["GET"]}}],"collection":[{"href":"https:\/\/redebeneditina.org.br\/pioxi\/wp-json\/wp\/v2\/posts"}],"about":[{"href":"https:\/\/redebeneditina.org.br\/pioxi\/wp-json\/wp\/v2\/types\/post"}],"author":[{"embeddable":true,"href":"https:\/\/redebeneditina.org.br\/pioxi\/wp-json\/wp\/v2\/users\/4"}],"replies":[{"embeddable":true,"href":"https:\/\/redebeneditina.org.br\/pioxi\/wp-json\/wp\/v2\/comments?post=40675"}],"version-history":[{"count":1,"href":"https:\/\/redebeneditina.org.br\/pioxi\/wp-json\/wp\/v2\/posts\/40675\/revisions"}],"predecessor-version":[{"id":40687,"href":"https:\/\/redebeneditina.org.br\/pioxi\/wp-json\/wp\/v2\/posts\/40675\/revisions\/40687"}],"wp:featuredmedia":[{"embeddable":true,"href":"https:\/\/redebeneditina.org.br\/pioxi\/wp-json\/wp\/v2\/media\/40680"}],"wp:attachment":[{"href":"https:\/\/redebeneditina.org.br\/pioxi\/wp-json\/wp\/v2\/media?parent=40675"}],"wp:term":[{"taxonomy":"category","embeddable":true,"href":"https:\/\/redebeneditina.org.br\/pioxi\/wp-json\/wp\/v2\/categories?post=40675"},{"taxonomy":"post_tag","embeddable":true,"href":"https:\/\/redebeneditina.org.br\/pioxi\/wp-json\/wp\/v2\/tags?post=40675"}],"curies":[{"name":"wp","href":"https:\/\/api.w.org\/{rel}","templated":true}]}}