{"id":40729,"date":"2026-08-31T20:06:19","date_gmt":"2026-08-31T23:06:19","guid":{"rendered":"https:\/\/redebeneditina.org.br\/pioxi\/?p=40729"},"modified":"2026-09-01T20:06:34","modified_gmt":"2026-09-01T23:06:34","slug":"7o-ano-vive-a-emocao-das-olimpiadas-de-esporte","status":"publish","type":"post","link":"https:\/\/redebeneditina.org.br\/pioxi\/7o-ano-vive-a-emocao-das-olimpiadas-de-esporte\/","title":{"rendered":"7\u00ba ano vive a emo\u00e7\u00e3o das Olimp\u00edadas de Esporte!"},"content":{"rendered":"<p>As turmas do 7\u00ba ano participaram com entusiasmo das Olimp\u00edadas de Esporte do Instituto Pio XI!<\/p>\n<p>Foi um momento de muita energia, alegria e integra\u00e7\u00e3o, em que nossos alunos vivenciaram o esporte como espa\u00e7o de respeito, coopera\u00e7\u00e3o, supera\u00e7\u00e3o e trabalho em equipe.<\/p>\n<p>Mais do que competir, nossos alunos aprenderam que o verdadeiro esp\u00edrito esportivo est\u00e1 em participar, respeitar e celebrar juntos!<\/p>\nngg_shortcode_0_placeholder\n","protected":false},"excerpt":{"rendered":"<p>As turmas do 7\u00ba ano participaram com entusiasmo das Olimp\u00edadas de Esporte do Instituto Pio XI! Foi um momento de muita energia, alegria e integra\u00e7\u00e3o, em que nossos alunos vivenciaram o esporte como espa\u00e7o de respeito, coopera\u00e7\u00e3o, supera\u00e7\u00e3o e trabalho em equipe. Mais do que competir, nossos alunos aprenderam que o verdadeiro esp\u00edrito esportivo est\u00e1&#8230;<\/p>\n","protected":false},"author":4,"featured_media":40705,"comment_status":"closed","ping_status":"closed","sticky":false,"template":"","format":"standard","meta":{"_monsterinsights_skip_tracking":false,"ngg_post_thumbnail":0,"footnotes":""},"categories":[110,90,82],"tags":[],"class_list":["post-40729","post","type-post","status-publish","format-standard","has-post-thumbnail","hentry","category-noticias-ano2026","category-ens-fund_ii","category-noticias"],"_links":{"self":[{"href":"https:\/\/redebeneditina.org.br\/pioxi\/wp-json\/wp\/v2\/posts\/40729","targetHints":{"allow":["GET"]}}],"collection":[{"href":"https:\/\/redebeneditina.org.br\/pioxi\/wp-json\/wp\/v2\/posts"}],"about":[{"href":"https:\/\/redebeneditina.org.br\/pioxi\/wp-json\/wp\/v2\/types\/post"}],"author":[{"embeddable":true,"href":"https:\/\/redebeneditina.org.br\/pioxi\/wp-json\/wp\/v2\/users\/4"}],"replies":[{"embeddable":true,"href":"https:\/\/redebeneditina.org.br\/pioxi\/wp-json\/wp\/v2\/comments?post=40729"}],"version-history":[{"count":1,"href":"https:\/\/redebeneditina.org.br\/pioxi\/wp-json\/wp\/v2\/posts\/40729\/revisions"}],"predecessor-version":[{"id":40730,"href":"https:\/\/redebeneditina.org.br\/pioxi\/wp-json\/wp\/v2\/posts\/40729\/revisions\/40730"}],"wp:featuredmedia":[{"embeddable":true,"href":"https:\/\/redebeneditina.org.br\/pioxi\/wp-json\/wp\/v2\/media\/40705"}],"wp:attachment":[{"href":"https:\/\/redebeneditina.org.br\/pioxi\/wp-json\/wp\/v2\/media?parent=40729"}],"wp:term":[{"taxonomy":"category","embeddable":true,"href":"https:\/\/redebeneditina.org.br\/pioxi\/wp-json\/wp\/v2\/categories?post=40729"},{"taxonomy":"post_tag","embeddable":true,"href":"https:\/\/redebeneditina.org.br\/pioxi\/wp-json\/wp\/v2\/tags?post=40729"}],"curies":[{"name":"wp","href":"https:\/\/api.w.org\/{rel}","templated":true}]}}