{"id":40731,"date":"2026-08-31T20:09:13","date_gmt":"2026-08-31T23:09:13","guid":{"rendered":"https:\/\/redebeneditina.org.br\/pioxi\/?p=40731"},"modified":"2026-09-01T20:12:16","modified_gmt":"2026-09-01T23:12:16","slug":"8o-ano-entra-em-quadra-nas-olimpiadas-de-esporte-2026","status":"publish","type":"post","link":"https:\/\/redebeneditina.org.br\/pioxi\/8o-ano-entra-em-quadra-nas-olimpiadas-de-esporte-2026\/","title":{"rendered":"8\u00ba ano entra em quadra nas Olimp\u00edadas de Esporte 2026!"},"content":{"rendered":"<p>O 8\u00ba ano tamb\u00e9m entrou em quadra para viver intensamente as Olimp\u00edadas de Esporte 2026 do Instituto Pio XI.<\/p>\n<p>Mais do que competir, nossos alunos est\u00e3o vivenciando momentos de integra\u00e7\u00e3o, respeito, coopera\u00e7\u00e3o e supera\u00e7\u00e3o, fortalecendo os la\u00e7os de amizade e aprendendo, na pr\u00e1tica, o verdadeiro esp\u00edrito esportivo.<\/p>\nngg_shortcode_0_placeholder\n","protected":false},"excerpt":{"rendered":"<p>O 8\u00ba ano tamb\u00e9m entrou em quadra para viver intensamente as Olimp\u00edadas de Esporte 2026 do Instituto Pio XI. Mais do que competir, nossos alunos est\u00e3o vivenciando momentos de integra\u00e7\u00e3o, respeito, coopera\u00e7\u00e3o e supera\u00e7\u00e3o, fortalecendo os la\u00e7os de amizade e aprendendo, na pr\u00e1tica, o verdadeiro esp\u00edrito esportivo.<\/p>\n","protected":false},"author":4,"featured_media":40766,"comment_status":"closed","ping_status":"closed","sticky":false,"template":"","format":"standard","meta":{"_monsterinsights_skip_tracking":false,"ngg_post_thumbnail":0,"footnotes":""},"categories":[110,90,82],"tags":[],"class_list":["post-40731","post","type-post","status-publish","format-standard","has-post-thumbnail","hentry","category-noticias-ano2026","category-ens-fund_ii","category-noticias"],"_links":{"self":[{"href":"https:\/\/redebeneditina.org.br\/pioxi\/wp-json\/wp\/v2\/posts\/40731","targetHints":{"allow":["GET"]}}],"collection":[{"href":"https:\/\/redebeneditina.org.br\/pioxi\/wp-json\/wp\/v2\/posts"}],"about":[{"href":"https:\/\/redebeneditina.org.br\/pioxi\/wp-json\/wp\/v2\/types\/post"}],"author":[{"embeddable":true,"href":"https:\/\/redebeneditina.org.br\/pioxi\/wp-json\/wp\/v2\/users\/4"}],"replies":[{"embeddable":true,"href":"https:\/\/redebeneditina.org.br\/pioxi\/wp-json\/wp\/v2\/comments?post=40731"}],"version-history":[{"count":1,"href":"https:\/\/redebeneditina.org.br\/pioxi\/wp-json\/wp\/v2\/posts\/40731\/revisions"}],"predecessor-version":[{"id":40811,"href":"https:\/\/redebeneditina.org.br\/pioxi\/wp-json\/wp\/v2\/posts\/40731\/revisions\/40811"}],"wp:featuredmedia":[{"embeddable":true,"href":"https:\/\/redebeneditina.org.br\/pioxi\/wp-json\/wp\/v2\/media\/40766"}],"wp:attachment":[{"href":"https:\/\/redebeneditina.org.br\/pioxi\/wp-json\/wp\/v2\/media?parent=40731"}],"wp:term":[{"taxonomy":"category","embeddable":true,"href":"https:\/\/redebeneditina.org.br\/pioxi\/wp-json\/wp\/v2\/categories?post=40731"},{"taxonomy":"post_tag","embeddable":true,"href":"https:\/\/redebeneditina.org.br\/pioxi\/wp-json\/wp\/v2\/tags?post=40731"}],"curies":[{"name":"wp","href":"https:\/\/api.w.org\/{rel}","templated":true}]}}