{"id":40812,"date":"2026-08-31T20:13:17","date_gmt":"2026-08-31T23:13:17","guid":{"rendered":"https:\/\/redebeneditina.org.br\/pioxi\/?p=40812"},"modified":"2026-09-01T20:16:27","modified_gmt":"2026-09-01T23:16:27","slug":"9o-ano-vive-a-emocao-das-olimpiadas-de-esporte-2026","status":"publish","type":"post","link":"https:\/\/redebeneditina.org.br\/pioxi\/9o-ano-vive-a-emocao-das-olimpiadas-de-esporte-2026\/","title":{"rendered":"9\u00ba ano vive a emo\u00e7\u00e3o das Olimp\u00edadas de Esporte 2026!"},"content":{"rendered":"<div>As turmas do 9\u00ba ano participaram com muita anima\u00e7\u00e3o das Olimp\u00edadas de Esporte 2026 do Instituto Pio XI. Um momento de integra\u00e7\u00e3o, desafios e supera\u00e7\u00e3o, em que nossos alunos demonstraram esp\u00edrito de equipe, respeito e dedica\u00e7\u00e3o.<\/div>\n<div>\n<p>Mais do que competir, foi uma oportunidade de fortalecer v\u00ednculos, celebrar o esporte e viver momentos que ficar\u00e3o na mem\u00f3ria!<\/p>\nngg_shortcode_0_placeholder\n<\/div>\n","protected":false},"excerpt":{"rendered":"<p>As turmas do 9\u00ba ano participaram com muita anima\u00e7\u00e3o das Olimp\u00edadas de Esporte 2026 do Instituto Pio XI. Um momento de integra\u00e7\u00e3o, desafios e supera\u00e7\u00e3o, em que nossos alunos demonstraram esp\u00edrito de equipe, respeito e dedica\u00e7\u00e3o. Mais do que competir, foi uma oportunidade de fortalecer v\u00ednculos, celebrar o esporte e viver momentos que ficar\u00e3o na&#8230;<\/p>\n","protected":false},"author":4,"featured_media":40823,"comment_status":"closed","ping_status":"closed","sticky":false,"template":"","format":"standard","meta":{"_monsterinsights_skip_tracking":false,"ngg_post_thumbnail":0,"footnotes":""},"categories":[110,90,82],"tags":[],"class_list":["post-40812","post","type-post","status-publish","format-standard","has-post-thumbnail","hentry","category-noticias-ano2026","category-ens-fund_ii","category-noticias"],"_links":{"self":[{"href":"https:\/\/redebeneditina.org.br\/pioxi\/wp-json\/wp\/v2\/posts\/40812","targetHints":{"allow":["GET"]}}],"collection":[{"href":"https:\/\/redebeneditina.org.br\/pioxi\/wp-json\/wp\/v2\/posts"}],"about":[{"href":"https:\/\/redebeneditina.org.br\/pioxi\/wp-json\/wp\/v2\/types\/post"}],"author":[{"embeddable":true,"href":"https:\/\/redebeneditina.org.br\/pioxi\/wp-json\/wp\/v2\/users\/4"}],"replies":[{"embeddable":true,"href":"https:\/\/redebeneditina.org.br\/pioxi\/wp-json\/wp\/v2\/comments?post=40812"}],"version-history":[{"count":1,"href":"https:\/\/redebeneditina.org.br\/pioxi\/wp-json\/wp\/v2\/posts\/40812\/revisions"}],"predecessor-version":[{"id":40838,"href":"https:\/\/redebeneditina.org.br\/pioxi\/wp-json\/wp\/v2\/posts\/40812\/revisions\/40838"}],"wp:featuredmedia":[{"embeddable":true,"href":"https:\/\/redebeneditina.org.br\/pioxi\/wp-json\/wp\/v2\/media\/40823"}],"wp:attachment":[{"href":"https:\/\/redebeneditina.org.br\/pioxi\/wp-json\/wp\/v2\/media?parent=40812"}],"wp:term":[{"taxonomy":"category","embeddable":true,"href":"https:\/\/redebeneditina.org.br\/pioxi\/wp-json\/wp\/v2\/categories?post=40812"},{"taxonomy":"post_tag","embeddable":true,"href":"https:\/\/redebeneditina.org.br\/pioxi\/wp-json\/wp\/v2\/tags?post=40812"}],"curies":[{"name":"wp","href":"https:\/\/api.w.org\/{rel}","templated":true}]}}