{"id":40839,"date":"2026-09-01T20:24:01","date_gmt":"2026-09-01T23:24:01","guid":{"rendered":"https:\/\/redebeneditina.org.br\/pioxi\/?p=40839"},"modified":"2026-09-01T20:24:01","modified_gmt":"2026-09-01T23:24:01","slug":"matematica-tambem-e-aventura-descoberta-e-diversao-6o-ao-8o-ano","status":"publish","type":"post","link":"https:\/\/redebeneditina.org.br\/pioxi\/matematica-tambem-e-aventura-descoberta-e-diversao-6o-ao-8o-ano\/","title":{"rendered":"Matem\u00e1tica tamb\u00e9m \u00e9 aventura, descoberta e divers\u00e3o! &#8211; 6\u00ba ao 8\u00ba ano"},"content":{"rendered":"<p>Os alunos do&nbsp;<strong>6\u00ba ao 8\u00ba ano do Ensino Fundamental<\/strong>, acompanhados pelos professores&nbsp;<strong>Victor Porto e Andr\u00e9a Chagas<\/strong>, participaram da&nbsp;<strong>FESTMAT \u2013 \u201cMatem\u00e1tica \u00e9 Pop\u201d<\/strong>, uma experi\u00eancia que aproximou os estudantes do universo da Matem\u00e1tica de forma criativa e divertida.<\/p>\n<p>Por meio de uma verdadeira&nbsp;<strong>viagem em hist\u00f3rias em quadrinhos<\/strong>, nossos alunos mergulharam em diferentes mundos da Matem\u00e1tica, explorando conceitos, desafios e possibilidades.<\/p>\n<p>Ao longo da experi\u00eancia, conheceram&nbsp;<strong>seis mundos distintos<\/strong>, cada um com caracter\u00edsticas pr\u00f3prias e suas respectivas super-habilidades, tornando o aprendizado ainda mais envolvente e significativo.<\/p>\n<p>Uma experi\u00eancia que mostrou que&nbsp;<strong>aprender Matem\u00e1tica pode ser uma grande aventura!<\/strong><\/p>\nngg_shortcode_0_placeholder\n","protected":false},"excerpt":{"rendered":"<p>Os alunos do&nbsp;6\u00ba ao 8\u00ba ano do Ensino Fundamental, acompanhados pelos professores&nbsp;Victor Porto e Andr\u00e9a Chagas, participaram da&nbsp;FESTMAT \u2013 \u201cMatem\u00e1tica \u00e9 Pop\u201d, uma experi\u00eancia que aproximou os estudantes do universo da Matem\u00e1tica de forma criativa e divertida. Por meio de uma verdadeira&nbsp;viagem em hist\u00f3rias em quadrinhos, nossos alunos mergulharam em diferentes mundos da Matem\u00e1tica, explorando&#8230;<\/p>\n","protected":false},"author":4,"featured_media":40855,"comment_status":"closed","ping_status":"closed","sticky":false,"template":"","format":"standard","meta":{"_monsterinsights_skip_tracking":false,"ngg_post_thumbnail":0,"footnotes":""},"categories":[110,90,82],"tags":[],"class_list":["post-40839","post","type-post","status-publish","format-standard","has-post-thumbnail","hentry","category-noticias-ano2026","category-ens-fund_ii","category-noticias"],"_links":{"self":[{"href":"https:\/\/redebeneditina.org.br\/pioxi\/wp-json\/wp\/v2\/posts\/40839","targetHints":{"allow":["GET"]}}],"collection":[{"href":"https:\/\/redebeneditina.org.br\/pioxi\/wp-json\/wp\/v2\/posts"}],"about":[{"href":"https:\/\/redebeneditina.org.br\/pioxi\/wp-json\/wp\/v2\/types\/post"}],"author":[{"embeddable":true,"href":"https:\/\/redebeneditina.org.br\/pioxi\/wp-json\/wp\/v2\/users\/4"}],"replies":[{"embeddable":true,"href":"https:\/\/redebeneditina.org.br\/pioxi\/wp-json\/wp\/v2\/comments?post=40839"}],"version-history":[{"count":1,"href":"https:\/\/redebeneditina.org.br\/pioxi\/wp-json\/wp\/v2\/posts\/40839\/revisions"}],"predecessor-version":[{"id":40909,"href":"https:\/\/redebeneditina.org.br\/pioxi\/wp-json\/wp\/v2\/posts\/40839\/revisions\/40909"}],"wp:featuredmedia":[{"embeddable":true,"href":"https:\/\/redebeneditina.org.br\/pioxi\/wp-json\/wp\/v2\/media\/40855"}],"wp:attachment":[{"href":"https:\/\/redebeneditina.org.br\/pioxi\/wp-json\/wp\/v2\/media?parent=40839"}],"wp:term":[{"taxonomy":"category","embeddable":true,"href":"https:\/\/redebeneditina.org.br\/pioxi\/wp-json\/wp\/v2\/categories?post=40839"},{"taxonomy":"post_tag","embeddable":true,"href":"https:\/\/redebeneditina.org.br\/pioxi\/wp-json\/wp\/v2\/tags?post=40839"}],"curies":[{"name":"wp","href":"https:\/\/api.w.org\/{rel}","templated":true}]}}