{"id":40910,"date":"2026-09-02T10:35:32","date_gmt":"2026-09-02T13:35:32","guid":{"rendered":"https:\/\/redebeneditina.org.br\/pioxi\/?p=40910"},"modified":"2026-09-02T10:35:32","modified_gmt":"2026-09-02T13:35:32","slug":"da-idade-media-a-idade-moderna-aprendendo-por-meio-das-maquetes-7o-ano","status":"publish","type":"post","link":"https:\/\/redebeneditina.org.br\/pioxi\/da-idade-media-a-idade-moderna-aprendendo-por-meio-das-maquetes-7o-ano\/","title":{"rendered":"Da Idade M\u00e9dia \u00e0 Idade Moderna: Aprendendo por Meio das Maquetes &#8211; 7\u00ba ano"},"content":{"rendered":"<p><img fetchpriority=\"high\" decoding=\"async\" class=\"alignnone size-full wp-image-40912\" src=\"https:\/\/redebeneditina.org.br\/pioxi\/wp-content\/uploads\/2026\/09\/2026-matematica-instituto-pioxi-ramos-rj-2-1.jpg\" alt=\"\" width=\"1024\" height=\"768\" srcset=\"https:\/\/redebeneditina.org.br\/pioxi\/wp-content\/uploads\/2026\/09\/2026-matematica-instituto-pioxi-ramos-rj-2-1.jpg 1024w, https:\/\/redebeneditina.org.br\/pioxi\/wp-content\/uploads\/2026\/09\/2026-matematica-instituto-pioxi-ramos-rj-2-1-300x225.jpg 300w, https:\/\/redebeneditina.org.br\/pioxi\/wp-content\/uploads\/2026\/09\/2026-matematica-instituto-pioxi-ramos-rj-2-1-768x576.jpg 768w\" sizes=\"(max-width: 1024px) 100vw, 1024px\" \/><\/p>\n<p>&nbsp;<\/p>\n<p>No fim da Idade M\u00e9dia e in\u00edcio da Idade Moderna, a sociedade europ\u00e9ia passou por grandes transforma\u00e7\u00f5es. O crescimento das cidades, o aumento do com\u00e9rcio e as novas t\u00e9cnicas de cultivo na agricultura mudaram o modo de vida das pessoas. As rela\u00e7\u00f5es de trabalho come\u00e7aram a sair do sistema feudal e as igrejas e castelos perderam parte da for\u00e7a que tinham antes. &nbsp;<\/p>\n<p>Para compreender essas mudan\u00e7as, nossos alunos produziram mini maquetes representando: \u00e1reas de cultivo com novas ferramentas e rota\u00e7\u00e3o de culturas, diferentes tipos de vestimentas que mostravam as classes sociais, al\u00e9m de modelos de castelos e igrejas que eram centros de poder e f\u00e9 na \u00e9poca.<\/p>\n<p>As maquetes nos ajudaram a visualizar como era o espa\u00e7o, o trabalho e a cultura desse per\u00edodo de transi\u00e7\u00e3o.<\/p>\n<p>&nbsp;<\/p>\n","protected":false},"excerpt":{"rendered":"<p>&nbsp; No fim da Idade M\u00e9dia e in\u00edcio da Idade Moderna, a sociedade europ\u00e9ia passou por grandes transforma\u00e7\u00f5es. O crescimento das cidades, o aumento do com\u00e9rcio e as novas t\u00e9cnicas de cultivo na agricultura mudaram o modo de vida das pessoas. As rela\u00e7\u00f5es de trabalho come\u00e7aram a sair do sistema feudal e as igrejas e&#8230;<\/p>\n","protected":false},"author":4,"featured_media":40911,"comment_status":"closed","ping_status":"closed","sticky":false,"template":"","format":"standard","meta":{"_monsterinsights_skip_tracking":false,"ngg_post_thumbnail":0,"footnotes":""},"categories":[110,90,82],"tags":[],"class_list":["post-40910","post","type-post","status-publish","format-standard","has-post-thumbnail","hentry","category-noticias-ano2026","category-ens-fund_ii","category-noticias"],"_links":{"self":[{"href":"https:\/\/redebeneditina.org.br\/pioxi\/wp-json\/wp\/v2\/posts\/40910","targetHints":{"allow":["GET"]}}],"collection":[{"href":"https:\/\/redebeneditina.org.br\/pioxi\/wp-json\/wp\/v2\/posts"}],"about":[{"href":"https:\/\/redebeneditina.org.br\/pioxi\/wp-json\/wp\/v2\/types\/post"}],"author":[{"embeddable":true,"href":"https:\/\/redebeneditina.org.br\/pioxi\/wp-json\/wp\/v2\/users\/4"}],"replies":[{"embeddable":true,"href":"https:\/\/redebeneditina.org.br\/pioxi\/wp-json\/wp\/v2\/comments?post=40910"}],"version-history":[{"count":1,"href":"https:\/\/redebeneditina.org.br\/pioxi\/wp-json\/wp\/v2\/posts\/40910\/revisions"}],"predecessor-version":[{"id":40913,"href":"https:\/\/redebeneditina.org.br\/pioxi\/wp-json\/wp\/v2\/posts\/40910\/revisions\/40913"}],"wp:featuredmedia":[{"embeddable":true,"href":"https:\/\/redebeneditina.org.br\/pioxi\/wp-json\/wp\/v2\/media\/40911"}],"wp:attachment":[{"href":"https:\/\/redebeneditina.org.br\/pioxi\/wp-json\/wp\/v2\/media?parent=40910"}],"wp:term":[{"taxonomy":"category","embeddable":true,"href":"https:\/\/redebeneditina.org.br\/pioxi\/wp-json\/wp\/v2\/categories?post=40910"},{"taxonomy":"post_tag","embeddable":true,"href":"https:\/\/redebeneditina.org.br\/pioxi\/wp-json\/wp\/v2\/tags?post=40910"}],"curies":[{"name":"wp","href":"https:\/\/api.w.org\/{rel}","templated":true}]}}