{"id":40914,"date":"2026-09-02T10:48:34","date_gmt":"2026-09-02T13:48:34","guid":{"rendered":"https:\/\/redebeneditina.org.br\/pioxi\/?p=40914"},"modified":"2026-09-02T10:48:34","modified_gmt":"2026-09-02T13:48:34","slug":"formatura-proerd-aprendizados-que-fazem-a-diferenca","status":"publish","type":"post","link":"https:\/\/redebeneditina.org.br\/pioxi\/formatura-proerd-aprendizados-que-fazem-a-diferenca\/","title":{"rendered":"Formatura PROERD: Aprendizados que Fazem a Diferen\u00e7a"},"content":{"rendered":"<p>Vivemos momentos muito especiais com a <strong>formatura do PROERD dos alunos do 5\u00ba e do 7\u00ba anos do Ensino Fundamental \u2013 Anos Iniciais e Finais<\/strong>.<\/p>\n<p>O&nbsp;<strong>PROERD \u2013 Programa Educacional de Resist\u00eancia \u00e0s Drogas e \u00e0 Viol\u00eancia<\/strong>&nbsp;\u00e9 uma iniciativa que busca fortalecer, junto \u00e0s crian\u00e7as e aos adolescentes, valores como responsabilidade, respeito, cidadania e tomada de decis\u00f5es conscientes, contribuindo para uma vida mais segura e saud\u00e1vel.<\/p>\n<p>A formatura marcou o encerramento de uma importante etapa de aprendizado e reflex\u00e3o, celebrada com muita&nbsp;<strong>alegria, emo\u00e7\u00e3o e orgulho<\/strong>&nbsp;por nossos estudantes, suas fam\u00edlias e toda a comunidade escolar.<\/p>\n<p>Agradecemos a&nbsp;<strong>todos os envolvidos na realiza\u00e7\u00e3o desse momento t\u00e3o significativo<\/strong>, aos nossos professores e equipe pedag\u00f3gica, \u00e0s fam\u00edlias pela parceria e apoio constantes e, especialmente, a&nbsp;<strong>todos que estiveram presentes<\/strong>&nbsp;para prestigiar nossos alunos.<\/p>\n<p>Parab\u00e9ns aos nossos formandos! Que os aprendizados do PROERD estejam sempre presentes em suas escolhas e em seus caminhos.<\/p>\nngg_shortcode_0_placeholder\n","protected":false},"excerpt":{"rendered":"<p>Vivemos momentos muito especiais com a formatura do PROERD dos alunos do 5\u00ba e do 7\u00ba anos do Ensino Fundamental \u2013 Anos Iniciais e Finais. O&nbsp;PROERD \u2013 Programa Educacional de Resist\u00eancia \u00e0s Drogas e \u00e0 Viol\u00eancia&nbsp;\u00e9 uma iniciativa que busca fortalecer, junto \u00e0s crian\u00e7as e aos adolescentes, valores como responsabilidade, respeito, cidadania e tomada de&#8230;<\/p>\n","protected":false},"author":4,"featured_media":40962,"comment_status":"closed","ping_status":"closed","sticky":false,"template":"","format":"standard","meta":{"_monsterinsights_skip_tracking":false,"ngg_post_thumbnail":0,"footnotes":""},"categories":[110,89,90,82],"tags":[],"class_list":["post-40914","post","type-post","status-publish","format-standard","has-post-thumbnail","hentry","category-noticias-ano2026","category-ens-fund_i","category-ens-fund_ii","category-noticias"],"_links":{"self":[{"href":"https:\/\/redebeneditina.org.br\/pioxi\/wp-json\/wp\/v2\/posts\/40914","targetHints":{"allow":["GET"]}}],"collection":[{"href":"https:\/\/redebeneditina.org.br\/pioxi\/wp-json\/wp\/v2\/posts"}],"about":[{"href":"https:\/\/redebeneditina.org.br\/pioxi\/wp-json\/wp\/v2\/types\/post"}],"author":[{"embeddable":true,"href":"https:\/\/redebeneditina.org.br\/pioxi\/wp-json\/wp\/v2\/users\/4"}],"replies":[{"embeddable":true,"href":"https:\/\/redebeneditina.org.br\/pioxi\/wp-json\/wp\/v2\/comments?post=40914"}],"version-history":[{"count":1,"href":"https:\/\/redebeneditina.org.br\/pioxi\/wp-json\/wp\/v2\/posts\/40914\/revisions"}],"predecessor-version":[{"id":41132,"href":"https:\/\/redebeneditina.org.br\/pioxi\/wp-json\/wp\/v2\/posts\/40914\/revisions\/41132"}],"wp:featuredmedia":[{"embeddable":true,"href":"https:\/\/redebeneditina.org.br\/pioxi\/wp-json\/wp\/v2\/media\/40962"}],"wp:attachment":[{"href":"https:\/\/redebeneditina.org.br\/pioxi\/wp-json\/wp\/v2\/media?parent=40914"}],"wp:term":[{"taxonomy":"category","embeddable":true,"href":"https:\/\/redebeneditina.org.br\/pioxi\/wp-json\/wp\/v2\/categories?post=40914"},{"taxonomy":"post_tag","embeddable":true,"href":"https:\/\/redebeneditina.org.br\/pioxi\/wp-json\/wp\/v2\/tags?post=40914"}],"curies":[{"name":"wp","href":"https:\/\/api.w.org\/{rel}","templated":true}]}}