{"id":4348,"date":"2022-09-27T18:10:40","date_gmt":"2022-09-27T21:10:40","guid":{"rendered":"https:\/\/redebeneditina.org.br\/portaldeprivacidade\/?p=4348"},"modified":"2022-09-28T09:49:47","modified_gmt":"2022-09-28T12:49:47","slug":"importante-comunicado-001-2022","status":"publish","type":"post","link":"https:\/\/redebeneditina.org.br\/portaldeprivacidade\/importante-comunicado-001-2022\/","title":{"rendered":"IMPORTANTE:\u00a0 COMUNICADO 001\/2022"},"content":{"rendered":"\n<p>Prezando pela \u00e9tica, responsabilidade e transpar\u00eancia que permeiam todas as suas rela\u00e7\u00f5es, a ABEAS &#8211; REDE BENEDITINA comunica que identificou um incidente em um dos sistemas inform\u00e1ticos, causando a indisponibilidade de uso em nosso sistema. As medidas foram imediatamente tomadas e n\u00e3o h\u00e1 ind\u00edcio de vazamento de dados.<\/p>\n\n\n\n<p>A Tecnologia da Informa\u00e7\u00e3o da ABEAS informa que os ambientes est\u00e3o sendo gradualmente restabelecidos e a equipe permanece trabalhando intensamente para restaur\u00e1-los de forma integral.<\/p>\n\n\n\n<p>A ABEAS trabalha com especialistas para melhorar continuamente as medidas de seguran\u00e7a e garantir a preserva\u00e7\u00e3o dos dados de seus atuais e futuros clientes.<\/p>\n\n\n\n<p>Para n\u00f3s, a prote\u00e7\u00e3o das informa\u00e7\u00f5es de nossos clientes, funcion\u00e1rios e da pr\u00f3pria organiza\u00e7\u00e3o \u00e9 primordial.<\/p>\n\n\n\n<p>Colocamo-nos \u00e0 disposi\u00e7\u00e3o para responder eventuais questionamentos por meio do nosso Portal de Privacidade (<a href=\"https:\/\/redebeneditina.org.br\/portaldeprivacidade\/\">https:\/\/redebeneditina.org.br\/portaldeprivacidade\/<\/a>).<\/p>\n\n\n\n<p>Dire\u00e7\u00e3o<\/p>\n","protected":false},"excerpt":{"rendered":"<p>Prezando pela \u00e9tica, responsabilidade e transpar\u00eancia que permeiam todas as suas rela\u00e7\u00f5es, a ABEAS &#8211; REDE BENEDITINA comunica que identificou um incidente em um dos sistemas inform\u00e1ticos, causando a indisponibilidade de uso em nosso sistema. As medidas foram imediatamente tomadas e n\u00e3o h\u00e1 ind\u00edcio de vazamento de dados. A Tecnologia da Informa\u00e7\u00e3o da ABEAS informa [&hellip;]<\/p>\n","protected":false},"author":2,"featured_media":4378,"comment_status":"closed","ping_status":"closed","sticky":false,"template":"","format":"standard","meta":{"footnotes":""},"categories":[87],"tags":[],"class_list":["post-4348","post","type-post","status-publish","format-standard","has-post-thumbnail","hentry","category-comunicados"],"_links":{"self":[{"href":"https:\/\/redebeneditina.org.br\/portaldeprivacidade\/wp-json\/wp\/v2\/posts\/4348","targetHints":{"allow":["GET"]}}],"collection":[{"href":"https:\/\/redebeneditina.org.br\/portaldeprivacidade\/wp-json\/wp\/v2\/posts"}],"about":[{"href":"https:\/\/redebeneditina.org.br\/portaldeprivacidade\/wp-json\/wp\/v2\/types\/post"}],"author":[{"embeddable":true,"href":"https:\/\/redebeneditina.org.br\/portaldeprivacidade\/wp-json\/wp\/v2\/users\/2"}],"replies":[{"embeddable":true,"href":"https:\/\/redebeneditina.org.br\/portaldeprivacidade\/wp-json\/wp\/v2\/comments?post=4348"}],"version-history":[{"count":0,"href":"https:\/\/redebeneditina.org.br\/portaldeprivacidade\/wp-json\/wp\/v2\/posts\/4348\/revisions"}],"wp:featuredmedia":[{"embeddable":true,"href":"https:\/\/redebeneditina.org.br\/portaldeprivacidade\/wp-json\/wp\/v2\/media\/4378"}],"wp:attachment":[{"href":"https:\/\/redebeneditina.org.br\/portaldeprivacidade\/wp-json\/wp\/v2\/media?parent=4348"}],"wp:term":[{"taxonomy":"category","embeddable":true,"href":"https:\/\/redebeneditina.org.br\/portaldeprivacidade\/wp-json\/wp\/v2\/categories?post=4348"},{"taxonomy":"post_tag","embeddable":true,"href":"https:\/\/redebeneditina.org.br\/portaldeprivacidade\/wp-json\/wp\/v2\/tags?post=4348"}],"curies":[{"name":"wp","href":"https:\/\/api.w.org\/{rel}","templated":true}]}}