{"id":2762,"date":"2026-09-03T17:29:23","date_gmt":"2026-09-03T20:29:23","guid":{"rendered":"https:\/\/redebeneditina.org.br\/rdp\/?p=2762"},"modified":"2026-09-03T17:29:23","modified_gmt":"2026-09-03T20:29:23","slug":"oracao-no-residencial-divina-providencia","status":"publish","type":"post","link":"https:\/\/redebeneditina.org.br\/rdp\/oracao-no-residencial-divina-providencia\/","title":{"rendered":"Ora\u00e7\u00e3o no Residencial Divina Provid\u00eancia"},"content":{"rendered":"<p><img loading=\"lazy\" decoding=\"async\" class=\"alignnone wp-image-2764 size-large\" src=\"https:\/\/redebeneditina.org.br\/rdp\/wp-content\/uploads\/2026\/09\/residencial-divina-providencia-oracao-569x1024.jpeg\" alt=\"\" width=\"569\" height=\"1024\" srcset=\"https:\/\/redebeneditina.org.br\/rdp\/wp-content\/uploads\/2026\/09\/residencial-divina-providencia-oracao-569x1024.jpeg 569w, https:\/\/redebeneditina.org.br\/rdp\/wp-content\/uploads\/2026\/09\/residencial-divina-providencia-oracao-167x300.jpeg 167w, https:\/\/redebeneditina.org.br\/rdp\/wp-content\/uploads\/2026\/09\/residencial-divina-providencia-oracao.jpeg 588w\" sizes=\"auto, (max-width: 569px) 100vw, 569px\" \/><\/p>\n<p>No <strong data-start=\"581\" data-end=\"615\">Residencial Divina Provid\u00eancia<\/strong>, a espiritualidade ocupa um lugar especial na vida de nossos moradores. Aqueles que desejam participar dos momentos de ora\u00e7\u00e3o encontram um espa\u00e7o de sil\u00eancio, esperan\u00e7a e confian\u00e7a em Deus, para agradecer, pedir for\u00e7as, cantar, rezar e interceder por aqueles que amam.<\/p>\n<p class=\"PDq2pG_selectionAnchorContainer\" data-start=\"345\" data-end=\"477\">Para muitos, rezar tamb\u00e9m \u00e9 uma forma de cuidar da fam\u00edlia: colocar cada filho, cada neto e cada pessoa querida nas m\u00e3os de Deus.&nbsp;<\/p>\n<p data-start=\"479\" data-end=\"732\">Quando a ora\u00e7\u00e3o \u00e9 compartilhada, as palavras se transformam em encontro, os cantos em louvor e a f\u00e9 em um abra\u00e7o que aproxima cora\u00e7\u00f5es. \u00c9 assim que, juntos, nossos moradores encontram conforto, esperan\u00e7a e a alegria de viver a f\u00e9 em comunidade.&nbsp;<\/p>\n<p data-start=\"734\" data-end=\"987\"><strong>Quer conhecer um pouco mais desses momentos?<\/strong><\/p>\n<p data-start=\"734\" data-end=\"987\">Convidamos voc\u00ea a assistir aos dois v\u00eddeos que preparamos em nosso Instagram e acompanhar, por meio das palavras de uma de nossas moradoras, a beleza e o significado que a ora\u00e7\u00e3o tem em sua vida.<\/p>\n<p><a href=\"https:\/\/www.instagram.com\/p\/Dc1g3VAjEZl\/\">\u00bb https:\/\/www.instagram.com\/p\/Dc1g3VAjEZl\/<\/a><\/p>\n<p><a href=\"https:\/\/www.instagram.com\/p\/Dc1hcDXkZPe\/\">\u00bb https:\/\/www.instagram.com\/p\/Dc1hcDXkZPe\/<\/a><\/p>\n<p data-start=\"734\" data-end=\"987\">&nbsp;<\/p>\n","protected":false},"excerpt":{"rendered":"<p>No Residencial Divina Provid\u00eancia, a espiritualidade ocupa um lugar especial na vida de nossos moradores. Aqueles que desejam participar dos [&hellip;]<\/p>\n","protected":false},"author":2,"featured_media":2764,"comment_status":"open","ping_status":"closed","sticky":false,"template":"","format":"standard","meta":{"rs_blank_template":"","rs_page_bg_color":"","slide_template_v7":"","_monsterinsights_skip_tracking":false,"ngg_post_thumbnail":0,"footnotes":""},"categories":[22,24],"tags":[],"class_list":["post-2762","post","type-post","status-publish","format-standard","has-post-thumbnail","hentry","category-noticias","category-saude_bem_estar"],"_links":{"self":[{"href":"https:\/\/redebeneditina.org.br\/rdp\/wp-json\/wp\/v2\/posts\/2762","targetHints":{"allow":["GET"]}}],"collection":[{"href":"https:\/\/redebeneditina.org.br\/rdp\/wp-json\/wp\/v2\/posts"}],"about":[{"href":"https:\/\/redebeneditina.org.br\/rdp\/wp-json\/wp\/v2\/types\/post"}],"author":[{"embeddable":true,"href":"https:\/\/redebeneditina.org.br\/rdp\/wp-json\/wp\/v2\/users\/2"}],"replies":[{"embeddable":true,"href":"https:\/\/redebeneditina.org.br\/rdp\/wp-json\/wp\/v2\/comments?post=2762"}],"version-history":[{"count":3,"href":"https:\/\/redebeneditina.org.br\/rdp\/wp-json\/wp\/v2\/posts\/2762\/revisions"}],"predecessor-version":[{"id":2766,"href":"https:\/\/redebeneditina.org.br\/rdp\/wp-json\/wp\/v2\/posts\/2762\/revisions\/2766"}],"wp:featuredmedia":[{"embeddable":true,"href":"https:\/\/redebeneditina.org.br\/rdp\/wp-json\/wp\/v2\/media\/2764"}],"wp:attachment":[{"href":"https:\/\/redebeneditina.org.br\/rdp\/wp-json\/wp\/v2\/media?parent=2762"}],"wp:term":[{"taxonomy":"category","embeddable":true,"href":"https:\/\/redebeneditina.org.br\/rdp\/wp-json\/wp\/v2\/categories?post=2762"},{"taxonomy":"post_tag","embeddable":true,"href":"https:\/\/redebeneditina.org.br\/rdp\/wp-json\/wp\/v2\/tags?post=2762"}],"curies":[{"name":"wp","href":"https:\/\/api.w.org\/{rel}","templated":true}]}}